{"id":4639,"date":"2021-04-01T13:19:15","date_gmt":"2021-04-01T11:19:15","guid":{"rendered":"https:\/\/axel-alletru.com\/?p=4639"},"modified":"2021-04-01T13:26:18","modified_gmt":"2021-04-01T11:26:18","slug":"conference-resilience-axel-alletru-conferencier-sur-le-theme-de-la-resilience","status":"publish","type":"post","link":"https:\/\/axel-alletru.com\/cs\/conference-resilience-axel-alletru-conferencier-sur-le-theme-de-la-resilience\/","title":{"rendered":"Konference odolnosti. Reproduktor Axel Alletru na t\u00e9ma odolnost."},"content":{"rendered":"<p>\u017divot nen\u00ed line\u00e1rn\u00ed. V\u011bci se n\u011bkdy mohou pokazit. To, jak budete reagovat na pot\u00ed\u017ee, ur\u010duje \u00farove\u0148 va\u0161eho \u00fasp\u011bchu v \u017eivot\u011b. Axel Alletru, atlet na vysok\u00e9 \u00farovni, kter\u00fd ochrnul po nehod\u011b na motocyklu, \u0159idi\u010d buginy, kter\u00fd vyhr\u00e1l Pa\u0159\u00ed\u017e Dakar 2020 proti zdrav\u00fdm, je p\u0159\u00edkladem odolnosti.<\/p>\n<p>Axel, charismatick\u00fd \u0159e\u010dn\u00edk, sd\u00edl\u00ed sv\u016fj p\u0159\u00edb\u011bh \u00fasp\u011bchu tv\u00e1\u0159\u00ed v tv\u00e1\u0159 nep\u0159\u00edzni osudu a sv\u00e9 strategie pro odolnost. Principy, kter\u00e9 m\u016f\u017eete uplatnit, abyste byli nejlep\u0161\u00ed ve v\u0161ech oblastech \u017eivota, bez ohledu na to, co se na cest\u011b pokaz\u00ed.<\/p>\n<p>Pro Axela odolnost znamen\u00e1 v\u011bd\u011bt, jak se odrazit po ne\u00fasp\u011bchu. Pokra\u010duje ve sn\u011bn\u00ed po tragick\u00e9 nehod\u011b. Je to p\u0159ekon\u00e1n\u00ed sebe sama po dosa\u017een\u00ed \u201e\u00fasp\u011bchu\u201c. B\u00fdt odoln\u00fd znamen\u00e1 nestagnovat a nespokojit se s pr\u016fm\u011brn\u00fdm \u017eivotem, kdy m\u016f\u017eete plavat ve \u0161t\u011bst\u00ed.<\/p>\n<p>B\u011bhem sv\u00fdch konferenc\u00ed Axel inspiruje ve\u0159ejnost k v\u011bt\u0161\u00edmu p\u0159em\u00fd\u0161len\u00ed prost\u0159ednictv\u00edm sv\u00e9ho dojemn\u00e9ho sv\u011bdectv\u00ed.<\/p>\n<p>Na ot\u00e1zku, co je to odolnost, Axel odpov\u00edd\u00e1: \u201eJednodu\u0161e bych \u0159ekl, \u017ee je to um\u011bn\u00ed um\u011bt se pohybovat mezi \u0159\u00ed\u010dkami jako ryba ve vod\u011b. Odolnost je trochu jako vlna. Je lep\u0161\u00ed b\u00fdt surfa\u0159em, kter\u00fd jede na t\u00e9 vln\u011b, kter\u00fd se odr\u00e1\u017e\u00ed, ne\u017e b\u00fdt plavcem, kter\u00fd chce absolutn\u011b plavat proti proudu a kter\u00fd nakonec nikdy neusp\u011bje. \u017divot je jako vlna, bere n\u00e1s doprava, doleva, \u017eene n\u00e1s k ne\u010dekan\u00fdm v\u011bcem. A mus\u00edte pou\u017e\u00edt tuto vlnu sp\u00ed\u0161e ne\u017e j\u00edt proti proudu, pou\u017e\u00edt tuto vlnu k odrazu zp\u011bt, pou\u017e\u00edt tuto vlnu, kter\u00e1 v\u00e1s povede a mo\u017en\u00e1 vytvo\u0159it nov\u00e9 p\u0159\u00edle\u017eitosti. \u00bb<\/p>\n<p>Jeho rada: \u201eNezastavujte se, kdy\u017e jsou t\u011b\u017ek\u00e9 \u010dasy nebo kdy\u017e se v\u00e1m do cesty objev\u00ed pot\u00ed\u017ee. Po cel\u00fd sv\u016fj \u017eivot jsem musel \u010delit p\u0159ek\u00e1\u017ek\u00e1m, j\u00edt d\u00e1l i p\u0159es pot\u00ed\u017ee, udr\u017eet si pozitivn\u00ed, kdy\u017e se v\u0161e hrout\u00ed. M\u00e1 n\u00e1zev: odolnost. \u00bb<\/p>","protected":false},"excerpt":{"rendered":"<p>La vie n\u2019est pas lin\u00e9aire. Les choses peuvent parfois mal tourner. La fa\u00e7on dont vous r\u00e9agissez alors face aux difficult\u00e9s d\u00e9termine votre niveau de r\u00e9ussite dans la vie. Axel Alletru, athl\u00e8te de haut niveau devenu parapl\u00e9gique suite \u00e0 un accident de moto, pilote de buggy vainqueur au Paris Dakar 2020 face aux valides, est l&rsquo;exemple [&hellip;]<\/p>\n","protected":false},"author":8,"featured_media":4321,"comment_status":"open","ping_status":"closed","sticky":false,"template":"","format":"standard","meta":{"_et_pb_use_builder":"off","_et_pb_old_content":"","_et_gb_content_width":"","footnotes":""},"categories":[58,1],"tags":[],"class_list":["post-4639","post","type-post","status-publish","format-standard","has-post-thumbnail","hentry","category-conseils","category-non-classe"],"yoast_head":"<!-- This site is optimized with the Yoast SEO plugin v27.5 - https:\/\/yoast.com\/product\/yoast-seo-wordpress\/ -->\n<title>Conf\u00e9rence R\u00e9silience. Axel Alletru conf\u00e9rencier sur le th\u00e8me de la r\u00e9silience. - Axel All\u00e9tru<\/title>\n<meta name=\"robots\" content=\"index, follow, max-snippet:-1, max-image-preview:large, max-video-preview:-1\" \/>\n<link rel=\"canonical\" href=\"https:\/\/axel-alletru.com\/cs\/conference-resilience-axel-alletru-conferencier-sur-le-theme-de-la-resilience\/\" \/>\n<meta property=\"og:locale\" content=\"cs_CZ\" \/>\n<meta property=\"og:type\" content=\"article\" \/>\n<meta property=\"og:title\" content=\"Conf\u00e9rence R\u00e9silience. Axel Alletru conf\u00e9rencier sur le th\u00e8me de la r\u00e9silience. - Axel All\u00e9tru\" \/>\n<meta property=\"og:description\" content=\"La vie n\u2019est pas lin\u00e9aire. Les choses peuvent parfois mal tourner. La fa\u00e7on dont vous r\u00e9agissez alors face aux difficult\u00e9s d\u00e9termine votre niveau de r\u00e9ussite dans la vie. Axel Alletru, athl\u00e8te de haut niveau devenu parapl\u00e9gique suite \u00e0 un accident de moto, pilote de buggy vainqueur au Paris Dakar 2020 face aux valides, est l&rsquo;exemple [&hellip;]\" \/>\n<meta property=\"og:url\" content=\"https:\/\/axel-alletru.com\/cs\/conference-resilience-axel-alletru-conferencier-sur-le-theme-de-la-resilience\/\" \/>\n<meta property=\"og:site_name\" content=\"Axel All\u00e9tru\" \/>\n<meta property=\"article:publisher\" content=\"https:\/\/www.facebook.com\/pages\/Axel-All%c3%a9tru\/695720100461502?fref=ts\" \/>\n<meta property=\"article:published_time\" content=\"2021-04-01T11:19:15+00:00\" \/>\n<meta property=\"article:modified_time\" content=\"2021-04-01T11:26:18+00:00\" \/>\n<meta property=\"og:image\" content=\"http:\/\/axel-alletru.com\/wp-content\/uploads\/2020\/10\/DSC09468.jpg\" \/>\n\t<meta property=\"og:image:width\" content=\"1000\" \/>\n\t<meta property=\"og:image:height\" content=\"667\" \/>\n\t<meta property=\"og:image:type\" content=\"image\/jpeg\" \/>\n<meta name=\"author\" content=\"Bruno\" \/>\n<meta name=\"twitter:card\" content=\"summary_large_image\" \/>\n<meta name=\"twitter:creator\" content=\"@AxelAlletru\" \/>\n<meta name=\"twitter:site\" content=\"@AxelAlletru\" \/>\n<meta name=\"twitter:label1\" content=\"Napsal(a)\" \/>\n\t<meta name=\"twitter:data1\" content=\"Bruno\" \/>\n\t<meta name=\"twitter:label2\" content=\"Odhadovan\u00e1 doba \u010dten\u00ed\" \/>\n\t<meta name=\"twitter:data2\" content=\"2 minuty\" \/>\n<script type=\"application\/ld+json\" class=\"yoast-schema-graph\">{\"@context\":\"https:\\\/\\\/schema.org\",\"@graph\":[{\"@type\":\"Article\",\"@id\":\"http:\\\/\\\/axel-alletru.com\\\/conference-resilience-axel-alletru-conferencier-sur-le-theme-de-la-resilience\\\/#article\",\"isPartOf\":{\"@id\":\"http:\\\/\\\/axel-alletru.com\\\/conference-resilience-axel-alletru-conferencier-sur-le-theme-de-la-resilience\\\/\"},\"author\":{\"name\":\"Bruno\",\"@id\":\"https:\\\/\\\/axel-alletru.com\\\/#\\\/schema\\\/person\\\/4003457237c2e9edbc8c6f3c74c3c787\"},\"headline\":\"Conf\u00e9rence R\u00e9silience. Axel Alletru conf\u00e9rencier sur le th\u00e8me de la r\u00e9silience.\",\"datePublished\":\"2021-04-01T11:19:15+00:00\",\"dateModified\":\"2021-04-01T11:26:18+00:00\",\"mainEntityOfPage\":{\"@id\":\"http:\\\/\\\/axel-alletru.com\\\/conference-resilience-axel-alletru-conferencier-sur-le-theme-de-la-resilience\\\/\"},\"wordCount\":388,\"commentCount\":0,\"image\":{\"@id\":\"http:\\\/\\\/axel-alletru.com\\\/conference-resilience-axel-alletru-conferencier-sur-le-theme-de-la-resilience\\\/#primaryimage\"},\"thumbnailUrl\":\"https:\\\/\\\/axel-alletru.com\\\/wp-content\\\/uploads\\\/2020\\\/10\\\/DSC09468.jpg\",\"articleSection\":[\"Conseils\",\"Non class\u00e9\"],\"inLanguage\":\"cs\"},{\"@type\":\"WebPage\",\"@id\":\"http:\\\/\\\/axel-alletru.com\\\/conference-resilience-axel-alletru-conferencier-sur-le-theme-de-la-resilience\\\/\",\"url\":\"http:\\\/\\\/axel-alletru.com\\\/conference-resilience-axel-alletru-conferencier-sur-le-theme-de-la-resilience\\\/\",\"name\":\"Conf\u00e9rence R\u00e9silience. Axel Alletru conf\u00e9rencier sur le th\u00e8me de la r\u00e9silience. - Axel All\u00e9tru\",\"isPartOf\":{\"@id\":\"https:\\\/\\\/axel-alletru.com\\\/#website\"},\"primaryImageOfPage\":{\"@id\":\"http:\\\/\\\/axel-alletru.com\\\/conference-resilience-axel-alletru-conferencier-sur-le-theme-de-la-resilience\\\/#primaryimage\"},\"image\":{\"@id\":\"http:\\\/\\\/axel-alletru.com\\\/conference-resilience-axel-alletru-conferencier-sur-le-theme-de-la-resilience\\\/#primaryimage\"},\"thumbnailUrl\":\"https:\\\/\\\/axel-alletru.com\\\/wp-content\\\/uploads\\\/2020\\\/10\\\/DSC09468.jpg\",\"datePublished\":\"2021-04-01T11:19:15+00:00\",\"dateModified\":\"2021-04-01T11:26:18+00:00\",\"author\":{\"@id\":\"https:\\\/\\\/axel-alletru.com\\\/#\\\/schema\\\/person\\\/4003457237c2e9edbc8c6f3c74c3c787\"},\"breadcrumb\":{\"@id\":\"http:\\\/\\\/axel-alletru.com\\\/conference-resilience-axel-alletru-conferencier-sur-le-theme-de-la-resilience\\\/#breadcrumb\"},\"inLanguage\":\"cs\",\"potentialAction\":[{\"@type\":\"ReadAction\",\"target\":[\"http:\\\/\\\/axel-alletru.com\\\/conference-resilience-axel-alletru-conferencier-sur-le-theme-de-la-resilience\\\/\"]}]},{\"@type\":\"ImageObject\",\"inLanguage\":\"cs\",\"@id\":\"http:\\\/\\\/axel-alletru.com\\\/conference-resilience-axel-alletru-conferencier-sur-le-theme-de-la-resilience\\\/#primaryimage\",\"url\":\"https:\\\/\\\/axel-alletru.com\\\/wp-content\\\/uploads\\\/2020\\\/10\\\/DSC09468.jpg\",\"contentUrl\":\"https:\\\/\\\/axel-alletru.com\\\/wp-content\\\/uploads\\\/2020\\\/10\\\/DSC09468.jpg\",\"width\":1000,\"height\":667},{\"@type\":\"BreadcrumbList\",\"@id\":\"http:\\\/\\\/axel-alletru.com\\\/conference-resilience-axel-alletru-conferencier-sur-le-theme-de-la-resilience\\\/#breadcrumb\",\"itemListElement\":[{\"@type\":\"ListItem\",\"position\":1,\"name\":\"Accueil\",\"item\":\"https:\\\/\\\/axel-alletru.com\\\/\"},{\"@type\":\"ListItem\",\"position\":2,\"name\":\"Conf\u00e9rence R\u00e9silience. Axel Alletru conf\u00e9rencier sur le th\u00e8me de la r\u00e9silience.\"}]},{\"@type\":\"WebSite\",\"@id\":\"https:\\\/\\\/axel-alletru.com\\\/#website\",\"url\":\"https:\\\/\\\/axel-alletru.com\\\/\",\"name\":\"Axel All\u00e9tru\",\"description\":\"Derri\u00e8re l&#039;impossible se cache toujours un possible.\",\"potentialAction\":[{\"@type\":\"SearchAction\",\"target\":{\"@type\":\"EntryPoint\",\"urlTemplate\":\"https:\\\/\\\/axel-alletru.com\\\/?s={search_term_string}\"},\"query-input\":{\"@type\":\"PropertyValueSpecification\",\"valueRequired\":true,\"valueName\":\"search_term_string\"}}],\"inLanguage\":\"cs\"},{\"@type\":\"Person\",\"@id\":\"https:\\\/\\\/axel-alletru.com\\\/#\\\/schema\\\/person\\\/4003457237c2e9edbc8c6f3c74c3c787\",\"name\":\"Bruno\"}]}<\/script>\n<!-- \/ Yoast SEO plugin. -->","yoast_head_json":{"title":"Konference odolnosti. Reproduktor Axel Alletru na t\u00e9ma odolnost. - Axel All\u00e9tru","robots":{"index":"index","follow":"follow","max-snippet":"max-snippet:-1","max-image-preview":"max-image-preview:large","max-video-preview":"max-video-preview:-1"},"canonical":"https:\/\/axel-alletru.com\/cs\/conference-resilience-axel-alletru-conferencier-sur-le-theme-de-la-resilience\/","og_locale":"cs_CZ","og_type":"article","og_title":"Conf\u00e9rence R\u00e9silience. Axel Alletru conf\u00e9rencier sur le th\u00e8me de la r\u00e9silience. - Axel All\u00e9tru","og_description":"La vie n\u2019est pas lin\u00e9aire. Les choses peuvent parfois mal tourner. La fa\u00e7on dont vous r\u00e9agissez alors face aux difficult\u00e9s d\u00e9termine votre niveau de r\u00e9ussite dans la vie. Axel Alletru, athl\u00e8te de haut niveau devenu parapl\u00e9gique suite \u00e0 un accident de moto, pilote de buggy vainqueur au Paris Dakar 2020 face aux valides, est l&rsquo;exemple [&hellip;]","og_url":"https:\/\/axel-alletru.com\/cs\/conference-resilience-axel-alletru-conferencier-sur-le-theme-de-la-resilience\/","og_site_name":"Axel All\u00e9tru","article_publisher":"https:\/\/www.facebook.com\/pages\/Axel-All%c3%a9tru\/695720100461502?fref=ts","article_published_time":"2021-04-01T11:19:15+00:00","article_modified_time":"2021-04-01T11:26:18+00:00","og_image":[{"width":1000,"height":667,"url":"http:\/\/axel-alletru.com\/wp-content\/uploads\/2020\/10\/DSC09468.jpg","type":"image\/jpeg"}],"author":"Bruno","twitter_card":"summary_large_image","twitter_creator":"@AxelAlletru","twitter_site":"@AxelAlletru","twitter_misc":{"Napsal(a)":"Bruno","Odhadovan\u00e1 doba \u010dten\u00ed":"2 minuty"},"schema":{"@context":"https:\/\/schema.org","@graph":[{"@type":"Article","@id":"http:\/\/axel-alletru.com\/conference-resilience-axel-alletru-conferencier-sur-le-theme-de-la-resilience\/#article","isPartOf":{"@id":"http:\/\/axel-alletru.com\/conference-resilience-axel-alletru-conferencier-sur-le-theme-de-la-resilience\/"},"author":{"name":"Bruno","@id":"https:\/\/axel-alletru.com\/#\/schema\/person\/4003457237c2e9edbc8c6f3c74c3c787"},"headline":"Conf\u00e9rence R\u00e9silience. Axel Alletru conf\u00e9rencier sur le th\u00e8me de la r\u00e9silience.","datePublished":"2021-04-01T11:19:15+00:00","dateModified":"2021-04-01T11:26:18+00:00","mainEntityOfPage":{"@id":"http:\/\/axel-alletru.com\/conference-resilience-axel-alletru-conferencier-sur-le-theme-de-la-resilience\/"},"wordCount":388,"commentCount":0,"image":{"@id":"http:\/\/axel-alletru.com\/conference-resilience-axel-alletru-conferencier-sur-le-theme-de-la-resilience\/#primaryimage"},"thumbnailUrl":"https:\/\/axel-alletru.com\/wp-content\/uploads\/2020\/10\/DSC09468.jpg","articleSection":["Conseils","Non class\u00e9"],"inLanguage":"cs"},{"@type":"WebPage","@id":"http:\/\/axel-alletru.com\/conference-resilience-axel-alletru-conferencier-sur-le-theme-de-la-resilience\/","url":"http:\/\/axel-alletru.com\/conference-resilience-axel-alletru-conferencier-sur-le-theme-de-la-resilience\/","name":"Konference odolnosti. Reproduktor Axel Alletru na t\u00e9ma odolnost. - Axel All\u00e9tru","isPartOf":{"@id":"https:\/\/axel-alletru.com\/#website"},"primaryImageOfPage":{"@id":"http:\/\/axel-alletru.com\/conference-resilience-axel-alletru-conferencier-sur-le-theme-de-la-resilience\/#primaryimage"},"image":{"@id":"http:\/\/axel-alletru.com\/conference-resilience-axel-alletru-conferencier-sur-le-theme-de-la-resilience\/#primaryimage"},"thumbnailUrl":"https:\/\/axel-alletru.com\/wp-content\/uploads\/2020\/10\/DSC09468.jpg","datePublished":"2021-04-01T11:19:15+00:00","dateModified":"2021-04-01T11:26:18+00:00","author":{"@id":"https:\/\/axel-alletru.com\/#\/schema\/person\/4003457237c2e9edbc8c6f3c74c3c787"},"breadcrumb":{"@id":"http:\/\/axel-alletru.com\/conference-resilience-axel-alletru-conferencier-sur-le-theme-de-la-resilience\/#breadcrumb"},"inLanguage":"cs","potentialAction":[{"@type":"ReadAction","target":["http:\/\/axel-alletru.com\/conference-resilience-axel-alletru-conferencier-sur-le-theme-de-la-resilience\/"]}]},{"@type":"ImageObject","inLanguage":"cs","@id":"http:\/\/axel-alletru.com\/conference-resilience-axel-alletru-conferencier-sur-le-theme-de-la-resilience\/#primaryimage","url":"https:\/\/axel-alletru.com\/wp-content\/uploads\/2020\/10\/DSC09468.jpg","contentUrl":"https:\/\/axel-alletru.com\/wp-content\/uploads\/2020\/10\/DSC09468.jpg","width":1000,"height":667},{"@type":"BreadcrumbList","@id":"http:\/\/axel-alletru.com\/conference-resilience-axel-alletru-conferencier-sur-le-theme-de-la-resilience\/#breadcrumb","itemListElement":[{"@type":"ListItem","position":1,"name":"Accueil","item":"https:\/\/axel-alletru.com\/"},{"@type":"ListItem","position":2,"name":"Conf\u00e9rence R\u00e9silience. Axel Alletru conf\u00e9rencier sur le th\u00e8me de la r\u00e9silience."}]},{"@type":"WebSite","@id":"https:\/\/axel-alletru.com\/#website","url":"https:\/\/axel-alletru.com\/","name":"Axel All\u00e9tru","description":"Za nemo\u017en\u00fdm je v\u017edy mo\u017enost.","potentialAction":[{"@type":"SearchAction","target":{"@type":"EntryPoint","urlTemplate":"https:\/\/axel-alletru.com\/?s={search_term_string}"},"query-input":{"@type":"PropertyValueSpecification","valueRequired":true,"valueName":"search_term_string"}}],"inLanguage":"cs"},{"@type":"Person","@id":"https:\/\/axel-alletru.com\/#\/schema\/person\/4003457237c2e9edbc8c6f3c74c3c787","name":"Bruno"}]}},"_links":{"self":[{"href":"https:\/\/axel-alletru.com\/cs\/wp-json\/wp\/v2\/posts\/4639","targetHints":{"allow":["GET"]}}],"collection":[{"href":"https:\/\/axel-alletru.com\/cs\/wp-json\/wp\/v2\/posts"}],"about":[{"href":"https:\/\/axel-alletru.com\/cs\/wp-json\/wp\/v2\/types\/post"}],"author":[{"embeddable":true,"href":"https:\/\/axel-alletru.com\/cs\/wp-json\/wp\/v2\/users\/8"}],"replies":[{"embeddable":true,"href":"https:\/\/axel-alletru.com\/cs\/wp-json\/wp\/v2\/comments?post=4639"}],"version-history":[{"count":3,"href":"https:\/\/axel-alletru.com\/cs\/wp-json\/wp\/v2\/posts\/4639\/revisions"}],"predecessor-version":[{"id":4643,"href":"https:\/\/axel-alletru.com\/cs\/wp-json\/wp\/v2\/posts\/4639\/revisions\/4643"}],"wp:featuredmedia":[{"embeddable":true,"href":"https:\/\/axel-alletru.com\/cs\/wp-json\/wp\/v2\/media\/4321"}],"wp:attachment":[{"href":"https:\/\/axel-alletru.com\/cs\/wp-json\/wp\/v2\/media?parent=4639"}],"wp:term":[{"taxonomy":"category","embeddable":true,"href":"https:\/\/axel-alletru.com\/cs\/wp-json\/wp\/v2\/categories?post=4639"},{"taxonomy":"post_tag","embeddable":true,"href":"https:\/\/axel-alletru.com\/cs\/wp-json\/wp\/v2\/tags?post=4639"}],"curies":[{"name":"wp","href":"https:\/\/api.w.org\/{rel}","templated":true}]}}